{"id":7959,"date":"2024-05-06T22:16:53","date_gmt":"2024-05-06T20:16:53","guid":{"rendered":"https:\/\/www.club-cyclo-pays-de-malestroit.fr\/?p=7959"},"modified":"2024-05-06T22:16:53","modified_gmt":"2024-05-06T20:16:53","slug":"laventure-de-pierrick-houeix","status":"publish","type":"post","link":"https:\/\/www.club-cyclo-pays-de-malestroit.fr\/index.php\/2024\/05\/06\/laventure-de-pierrick-houeix\/","title":{"rendered":"L&#8217;aventure de Pierrick Houeix"},"content":{"rendered":"\n[et_pb_section fb_built=&#8221;1&#8243; _builder_version=&#8221;4.25.0&#8243; _module_preset=&#8221;default&#8221; min_height=&#8221;850.7px&#8221; custom_padding=&#8221;||0px|||&#8221; global_colors_info=&#8221;{}&#8221;][et_pb_row _builder_version=&#8221;4.25.0&#8243; _module_preset=&#8221;default&#8221; custom_margin=&#8221;|auto|-49px|auto||&#8221; global_colors_info=&#8221;{}&#8221;][et_pb_column type=&#8221;4_4&#8243; _builder_version=&#8221;4.25.0&#8243; _module_preset=&#8221;default&#8221; global_colors_info=&#8221;{}&#8221;][et_pb_gallery gallery_ids=&#8221;7961,7962,7963,7964,7965,7966,7967,7968,7969,7970,7971,7972,7973,7974&#8243; gallery_orderby=&#8221;rand&#8221; show_title_and_caption=&#8221;off&#8221; _builder_version=&#8221;4.25.0&#8243; _module_preset=&#8221;default&#8221; custom_padding=&#8221;||32px|||&#8221; global_colors_info=&#8221;{}&#8221;][\/et_pb_gallery][\/et_pb_column][\/et_pb_row][et_pb_row _builder_version=&#8221;4.25.0&#8243; _module_preset=&#8221;default&#8221; global_colors_info=&#8221;{}&#8221;][et_pb_column type=&#8221;4_4&#8243; _builder_version=&#8221;4.25.0&#8243; _module_preset=&#8221;default&#8221; global_colors_info=&#8221;{}&#8221;][et_pb_text _builder_version=&#8221;4.25.0&#8243; _module_preset=&#8221;default&#8221; custom_padding=&#8221;|||0px||&#8221; hover_enabled=&#8221;0&#8243; global_colors_info=&#8221;{}&#8221; sticky_enabled=&#8221;0&#8243;]<div class=\"elementor-element elementor-element-6ace050 elementor-widget elementor-widget-text-editor\" data-id=\"6ace050\" data-element_type=\"widget\" data-widget_type=\"text-editor.default\">\n<div class=\"elementor-widget-container\">\n<div dir=\"ltr\" data-setdir=\"false\" style=\"text-align: justify;\">Un pari un fou pour beaucoup, mais bien calcul\u00e9 pour le Malestroyen, membre du Club Cyclo du Pays de Malestroit et par la m\u00eame occasion tr\u00e9sorier de l&#8217;association. Pierrick Houeix, jeune retrait\u00e9 du monde du travail s&#8217;est tout simplement \u00e9lanc\u00e9 le vendredi 26 avril de Malestroit pour un p\u00e9riple de 6000 km \u00e0 v\u00e9lo en moins de 3 mois.<\/div> <br>\n<div dir=\"ltr\" data-setdir=\"false\" style=\"text-align: justify;\"><\/div>\n<div dir=\"ltr\" data-setdir=\"false\" style=\"text-align: justify;\">Objectif du parcours trac\u00e9 depuis plusieurs mois via l&#8217;application OpenRunner, rendre dans un premier temps visite \u00e0 sa fille Cl\u00e9mence, domicili\u00e9e dans le Jura \u00e0 Nantua. Apr\u00e8s une br\u00e8ve coupure de 4 jours, Pierrick repartira comme pr\u00e9vu. Cette fois-ci, la route sera plus longue puisqu&#8217;il faudra rejoindre la Su\u00e8de pour rendre visite \u00e0 son fils Corentin devenu citoyen de Stockholm la capitale.<\/div>\n<div dir=\"ltr\" data-setdir=\"false\" style=\"text-align: justify;\"><\/div> <br>\n<div dir=\"ltr\" data-setdir=\"false\" style=\"text-align: justify;\">Le d\u00e9part de Malestroit s&#8217;est fait tranquillement avec un petit comit\u00e9 de soutien form\u00e9 \u00e0 la derni\u00e8re minute puisque Pierrick ne souhaitait pas forc\u00e9ment faire de bruit pour annoncer son d\u00e9part officiel. Bernard Braud membre lui aussi de notre association l&#8217;accompagnera quelques kilom\u00e8tres et l&#8217;aventure en solo commen\u00e7ait pour Pierrick avec une premi\u00e8re halte pr\u00e9coce \u00e0 St Martin sur Oust pour prendre ici une bol\u00e9e de cidre de la Ruaudaie.<\/div>\n<div dir=\"ltr\" data-setdir=\"false\" style=\"text-align: justify;\"><\/div>\n<div dir=\"ltr\" data-setdir=\"false\" style=\"text-align: justify;\">La premi\u00e8re \u00e9tape \u00e9tait tr\u00e8s courte (40 km) puisque Pierrick avait pr\u00e9vu de passer la nuit chez Jean-Marc et Sylvie. Samedi 27 avril, \u00e9tape 2 de 110 km pour rendre visite \u00e0 Alain \u00e0 Montjean sur Loire situ\u00e9 dans le d\u00e9partement du Maine-et-Loire. Dimanche 28 avril, objectif, rallier la ville de Tours apr\u00e8s 157 km pour rejoindre le couchage chez Carole et Olivier. Lundi 29 avril sera la derni\u00e8re \u00e9tape avant de marquer un jour de repos, Pierrick trouvera de quoi passer la nuit apr\u00e8s 130 km du cot\u00e9 de la Fert\u00e9 St Cyr chez B\u00e9a et Franck. Mercredi 1er mai, il pleut mais malgr\u00e9 les ingr\u00e9dients, Pierrick se rendra \u00e0 Pouilly sur Loire dans un camping pour passer la nuit apr\u00e8s une \u00e9tape de 144 km. Jeudi 2 mai, notre aventurier p\u00e9dalera durant 115 km pour finir la route dans un camping dont je ne peux vous donner le nom faute d&#8217;info. La plus longue \u00e9tape depuis le d\u00e9part de Malestroit est pour ce vendredi 3 mai avec pas moins de 176 km parcourus pour rejoindre la commune de Villieu Loyes Mollon et rencontrer Yves et Sandrine. Samedi 4 mai petite distance de 46 km avant de rejoindre Cl\u00e9mence \u00e0 Nantua<\/div>\n<div dir=\"ltr\" data-setdir=\"false\" style=\"text-align: justify;\"><\/div> <br>\n<div dir=\"ltr\" data-setdir=\"false\" style=\"text-align: justify;\">Depuis, Pierrick profite pour faire le plein d&#8217;\u00e9nergie avant d&#8217;autres aventures et rencontres chez l&#8217;habitant.<\/div>\n<\/div>\n<\/div>[\/et_pb_text][\/et_pb_column][\/et_pb_row][\/et_pb_section]\n","protected":false},"excerpt":{"rendered":"<p>Un pari un fou pour beaucoup, mais bien calcul\u00e9 pour le Malestroyen, membre du Club Cyclo du Pays de Malestroit et par la m\u00eame occasion tr\u00e9sorier de l&#8217;association. Pierrick Houeix, jeune retrait\u00e9 du monde du travail s&#8217;est tout simplement \u00e9lanc\u00e9 le vendredi 26 avril de Malestroit pour un p\u00e9riple de 6000 km \u00e0 v\u00e9lo en [&hellip;]<\/p>\n","protected":false},"author":2,"featured_media":7967,"comment_status":"open","ping_status":"open","sticky":false,"template":"","format":"standard","meta":{"_acf_changed":false,"_et_pb_use_builder":"on","_et_pb_old_content":"","_et_gb_content_width":"","footnotes":""},"categories":[1,2],"tags":[],"class_list":["post-7959","post","type-post","status-publish","format-standard","has-post-thumbnail","hentry","category-non-classe","category-sport"],"acf":[],"_links":{"self":[{"href":"https:\/\/www.club-cyclo-pays-de-malestroit.fr\/index.php\/wp-json\/wp\/v2\/posts\/7959","targetHints":{"allow":["GET"]}}],"collection":[{"href":"https:\/\/www.club-cyclo-pays-de-malestroit.fr\/index.php\/wp-json\/wp\/v2\/posts"}],"about":[{"href":"https:\/\/www.club-cyclo-pays-de-malestroit.fr\/index.php\/wp-json\/wp\/v2\/types\/post"}],"author":[{"embeddable":true,"href":"https:\/\/www.club-cyclo-pays-de-malestroit.fr\/index.php\/wp-json\/wp\/v2\/users\/2"}],"replies":[{"embeddable":true,"href":"https:\/\/www.club-cyclo-pays-de-malestroit.fr\/index.php\/wp-json\/wp\/v2\/comments?post=7959"}],"version-history":[{"count":3,"href":"https:\/\/www.club-cyclo-pays-de-malestroit.fr\/index.php\/wp-json\/wp\/v2\/posts\/7959\/revisions"}],"predecessor-version":[{"id":7977,"href":"https:\/\/www.club-cyclo-pays-de-malestroit.fr\/index.php\/wp-json\/wp\/v2\/posts\/7959\/revisions\/7977"}],"wp:featuredmedia":[{"embeddable":true,"href":"https:\/\/www.club-cyclo-pays-de-malestroit.fr\/index.php\/wp-json\/wp\/v2\/media\/7967"}],"wp:attachment":[{"href":"https:\/\/www.club-cyclo-pays-de-malestroit.fr\/index.php\/wp-json\/wp\/v2\/media?parent=7959"}],"wp:term":[{"taxonomy":"category","embeddable":true,"href":"https:\/\/www.club-cyclo-pays-de-malestroit.fr\/index.php\/wp-json\/wp\/v2\/categories?post=7959"},{"taxonomy":"post_tag","embeddable":true,"href":"https:\/\/www.club-cyclo-pays-de-malestroit.fr\/index.php\/wp-json\/wp\/v2\/tags?post=7959"}],"curies":[{"name":"wp","href":"https:\/\/api.w.org\/{rel}","templated":true}]}}