{"id":7997,"date":"2024-05-25T09:07:04","date_gmt":"2024-05-25T07:07:04","guid":{"rendered":"https:\/\/www.club-cyclo-pays-de-malestroit.fr\/?p=7997"},"modified":"2024-05-25T09:12:32","modified_gmt":"2024-05-25T07:12:32","slug":"sejour-a-moncy-a-la-decouverte-de-lorne","status":"publish","type":"post","link":"https:\/\/www.club-cyclo-pays-de-malestroit.fr\/index.php\/2024\/05\/25\/sejour-a-moncy-a-la-decouverte-de-lorne\/","title":{"rendered":"S\u00e9jour \u00e0 Moncy. A la d\u00e9couverte de l&#8217;Orne"},"content":{"rendered":"<p>[et_pb_section fb_built=&#8221;1&#8243; _builder_version=&#8221;4.25.0&#8243; _module_preset=&#8221;default&#8221; min_height=&#8221;100px&#8221; custom_padding=&#8221;||0px|||&#8221; global_colors_info=&#8221;{}&#8221;][et_pb_row _builder_version=&#8221;4.25.0&#8243; _module_preset=&#8221;default&#8221; min_height=&#8221;100px&#8221; custom_margin=&#8221;|auto||auto|false|false&#8221; global_colors_info=&#8221;{}&#8221;][et_pb_column type=&#8221;4_4&#8243; _builder_version=&#8221;4.25.0&#8243; _module_preset=&#8221;default&#8221; global_colors_info=&#8221;{}&#8221;][et_pb_text _builder_version=&#8221;4.25.0&#8243; _module_preset=&#8221;default&#8221; custom_margin=&#8221;||||false|false&#8221; custom_padding=&#8221;|||0px||&#8221; global_colors_info=&#8221;{}&#8221;]<\/p>\n<div class=\"elementor-element elementor-element-6ace050 elementor-widget elementor-widget-text-editor\" data-id=\"6ace050\" data-element_type=\"widget\" data-widget_type=\"text-editor.default\">\n<div class=\"elementor-widget-container\">\n<div dir=\"ltr\" data-setdir=\"false\" style=\"text-align: justify;\">\n<div>\n<div dir=\"ltr\"><i>Une \u00e9quipe de 23 personnes du Club Cyclo du Pays de Malestroit a pass\u00e9 3 jours dans le d\u00e9partement de l&#8217;Orne les 8,9 et 10 mai. Tout ce monde \u00e9tait h\u00e9berg\u00e9 pour l&#8217;occasion \u00e0 Moncy o\u00f9 seulement 250 habitants sont recens\u00e9s. Au centre du bourg, on y trouve le g\u00eete communal qui a permis aux Malestroyens de trouver le confort, un tr\u00e8s bon accueil et une restauration tr\u00e8s appr\u00e9ci\u00e9e de tous.<\/i><\/div>\n<div dir=\"ltr\"><i>\u00a0<\/i><\/div>\n<div dir=\"ltr\"><i>Cela fait d\u00e9j\u00e0 plusieurs ann\u00e9es que le club propose ce style de s\u00e9jour dont le but est de d\u00e9couvrir une nouvelle r\u00e9gion avec son patrimoine et sa gastronomie. En 2023, la destination \u00e9tait le nord des C\u00f4tes d&#8217;Armor \u00e0 Lanmodez.<\/i><\/div>\n<div dir=\"ltr\"><i>\u00a0<\/i><\/div>\n<div dir=\"ltr\" data-setdir=\"false\"><i>Le mercredi 8 mai, ils \u00e9taient 12 cyclistes \u00e0 prendre part \u00e0 la 1\u00e8re \u00e9tape longue de 72 km. Apr\u00e8s seulement quelques kilom\u00e8tres parcourus, le groupe escaladait le Mont Cerisy, puis la ville de Flers et son ch\u00e2teau. Au retour, les paysages \u00e9taient diff\u00e9rents et tout autant plus magnifiques notamment au sommet du col du Berjou situ\u00e9 en plein coeur de la Suisse Normande.<\/i><\/div>\n<div dir=\"ltr\"><i>\u00a0<\/i><\/div>\n<div dir=\"ltr\"><i>Jeudi 9 mai, place \u00e0 la grande sortie de 112 km avec en point de mire la ville de Bagnoles de l&#8217;Orne bien connue pour sa station thermale et son casino. Plus loin sur la route et au bout de 70 km, les cyclistes croisaient les randonneurs p\u00e9destres comme pr\u00e9vu \u00e0 Domfront pour un pique nique au soleil. La cit\u00e9 m\u00e9di\u00e9vale tr\u00e8s visit\u00e9e par les touristes a offert un beau terrain de jeu \u00e0 l&#8217;\u00e9quipe des marcheurs.<\/i><\/div>\n<div dir=\"ltr\"><i>\u00a0<\/i><\/div>\n<div dir=\"ltr\"><i>Vendredi 10 mai, derni\u00e8re \u00e9tape de 73 km et la plus difficile avec la fatigue accumul\u00e9e durant les 3 jours. Cette fois-ci, changement de d\u00e9cors mais tout autant surprenant pour rejoindre le col du mont Pin\u00e7on du haut de ses 365 m d&#8217;altitude, ce qui en fait le point culminant du Calvados. Autant dire que les pentes ardues pour arriver au sommet ne donnaient pas de sensations agr\u00e9ables.\u00a0<\/i><\/div>\n<div dir=\"ltr\"><i>\u00a0<\/i><\/div>\n<div dir=\"ltr\"><i>Durant ces 3 jours, les p\u00e9destres ont eux aussi profit\u00e9 \u00e0 leur mani\u00e8re de sites merveilleux avec souvent des panoramas et une vue plus large sur la Suisse Normande. Le circuit de la Roche d&#8217;O\u00eatre et les gorges de la Rouvre en faisait partie.<\/i><\/div>\n<\/div>\n<div dir=\"ltr\"><i>\u00a0<\/i><\/div>\n<div dir=\"ltr\" data-setdir=\"false\"><i>En 2025, il faudra trouver une nouvelle destination dans le Finist\u00e8re Nord ou Sud. La r\u00e9gion de Saint Malo pourrait \u00eatre \u00e9galement faire l&#8217;objet de notre curiosit\u00e9 !<\/i><\/div>\n<\/div>\n<\/div>\n<\/div>\n<p>[\/et_pb_text][\/et_pb_column][\/et_pb_row][et_pb_row _builder_version=&#8221;4.25.0&#8243; _module_preset=&#8221;default&#8221; global_colors_info=&#8221;{}&#8221;][et_pb_column type=&#8221;4_4&#8243; _builder_version=&#8221;4.25.0&#8243; _module_preset=&#8221;default&#8221; global_colors_info=&#8221;{}&#8221;][et_pb_gallery gallery_ids=&#8221;8003,8004,8005,8006,8007,8008,8009,8010,8011,8012,8013,8014,8015,8016,8017,8018,8019,8020,8021,8022,8023&#8243; posts_number=&#8221;21&#8243; _builder_version=&#8221;4.25.0&#8243; _module_preset=&#8221;default&#8221; hover_enabled=&#8221;0&#8243; global_colors_info=&#8221;{}&#8221; gallery_orderby=&#8221;rand&#8221; sticky_enabled=&#8221;0&#8243; show_title_and_caption=&#8221;off&#8221;][\/et_pb_gallery][\/et_pb_column][\/et_pb_row][\/et_pb_section]<\/p>\n","protected":false},"excerpt":{"rendered":"<p>Une \u00e9quipe de 23 personnes du Club Cyclo du Pays de Malestroit a pass\u00e9 3 jours dans le d\u00e9partement de l&#8217;Orne les 8,9 et 10 mai. Tout ce monde \u00e9tait h\u00e9berg\u00e9 pour l&#8217;occasion \u00e0 Moncy o\u00f9 seulement 250 habitants sont recens\u00e9s. Au centre du bourg, on y trouve le g\u00eete communal qui a permis aux [&hellip;]<\/p>\n","protected":false},"author":2,"featured_media":7999,"comment_status":"open","ping_status":"open","sticky":false,"template":"","format":"standard","meta":{"_acf_changed":false,"_et_pb_use_builder":"on","_et_pb_old_content":"","_et_gb_content_width":"","footnotes":""},"categories":[1,2],"tags":[],"class_list":["post-7997","post","type-post","status-publish","format-standard","has-post-thumbnail","hentry","category-non-classe","category-sport"],"acf":[],"_links":{"self":[{"href":"https:\/\/www.club-cyclo-pays-de-malestroit.fr\/index.php\/wp-json\/wp\/v2\/posts\/7997","targetHints":{"allow":["GET"]}}],"collection":[{"href":"https:\/\/www.club-cyclo-pays-de-malestroit.fr\/index.php\/wp-json\/wp\/v2\/posts"}],"about":[{"href":"https:\/\/www.club-cyclo-pays-de-malestroit.fr\/index.php\/wp-json\/wp\/v2\/types\/post"}],"author":[{"embeddable":true,"href":"https:\/\/www.club-cyclo-pays-de-malestroit.fr\/index.php\/wp-json\/wp\/v2\/users\/2"}],"replies":[{"embeddable":true,"href":"https:\/\/www.club-cyclo-pays-de-malestroit.fr\/index.php\/wp-json\/wp\/v2\/comments?post=7997"}],"version-history":[{"count":5,"href":"https:\/\/www.club-cyclo-pays-de-malestroit.fr\/index.php\/wp-json\/wp\/v2\/posts\/7997\/revisions"}],"predecessor-version":[{"id":8026,"href":"https:\/\/www.club-cyclo-pays-de-malestroit.fr\/index.php\/wp-json\/wp\/v2\/posts\/7997\/revisions\/8026"}],"wp:featuredmedia":[{"embeddable":true,"href":"https:\/\/www.club-cyclo-pays-de-malestroit.fr\/index.php\/wp-json\/wp\/v2\/media\/7999"}],"wp:attachment":[{"href":"https:\/\/www.club-cyclo-pays-de-malestroit.fr\/index.php\/wp-json\/wp\/v2\/media?parent=7997"}],"wp:term":[{"taxonomy":"category","embeddable":true,"href":"https:\/\/www.club-cyclo-pays-de-malestroit.fr\/index.php\/wp-json\/wp\/v2\/categories?post=7997"},{"taxonomy":"post_tag","embeddable":true,"href":"https:\/\/www.club-cyclo-pays-de-malestroit.fr\/index.php\/wp-json\/wp\/v2\/tags?post=7997"}],"curies":[{"name":"wp","href":"https:\/\/api.w.org\/{rel}","templated":true}]}}