{"id":9193,"date":"2025-01-12T19:08:05","date_gmt":"2025-01-12T18:08:05","guid":{"rendered":"https:\/\/www.club-cyclo-pays-de-malestroit.fr\/?p=9193"},"modified":"2025-01-12T19:15:03","modified_gmt":"2025-01-12T18:15:03","slug":"bilan-du-telethon-2024","status":"publish","type":"post","link":"https:\/\/www.club-cyclo-pays-de-malestroit.fr\/index.php\/2025\/01\/12\/bilan-du-telethon-2024\/","title":{"rendered":"Bilan T\u00e9lethon 2024"},"content":{"rendered":"<p>[et_pb_section fb_built=&#8221;1&#8243; _builder_version=&#8221;4.27.3&#8243; _module_preset=&#8221;default&#8221; min_height=&#8221;100px&#8221; custom_padding=&#8221;13px||0px|||&#8221; global_colors_info=&#8221;{}&#8221;][et_pb_row _builder_version=&#8221;4.25.0&#8243; _module_preset=&#8221;default&#8221; min_height=&#8221;100px&#8221; custom_margin=&#8221;|auto||auto|false|false&#8221; custom_padding=&#8221;0px|||||&#8221; global_colors_info=&#8221;{}&#8221;][et_pb_column type=&#8221;4_4&#8243; _builder_version=&#8221;4.25.0&#8243; _module_preset=&#8221;default&#8221; global_colors_info=&#8221;{}&#8221;][et_pb_text _builder_version=&#8221;4.27.3&#8243; _module_preset=&#8221;default&#8221; text_line_height=&#8221;2.3em&#8221; custom_margin=&#8221;||||false|false&#8221; custom_padding=&#8221;|||0px||&#8221; global_colors_info=&#8221;{}&#8221;]<\/p>\n<div dir=\"ltr\" data-setdir=\"false\">\n<h3><strong>Collecthon : un bilan positif pour l\u2019\u00e9dition 2024 et une nouvelle \u00e9quipe \u00e0 former<\/strong><\/h3>\n<p>Ce samedi 11 janvier 2025, le collecthon, charg\u00e9 de coordonner les manifestations du T\u00e9l\u00e9thon \u00e0 Malestroit, a r\u00e9uni ses acteurs pour dresser le bilan de l\u2019\u00e9dition 2024, qui s\u2019est tenue le samedi 30 novembre.<\/p>\n<p>Le <strong>montant des dons r\u00e9colt\u00e9s<\/strong> s\u2019est r\u00e9v\u00e9l\u00e9 nettement sup\u00e9rieur cette ann\u00e9e, comme l\u2019a soulign\u00e9 Janick Hercelin, pr\u00e9sident du collecthon.<\/p>\n<h3><strong>une page \u00e0 tourner pour le collecthon<\/strong><\/h3>\n<p>Cr\u00e9\u00e9e en <strong>2017<\/strong>, l\u2019association, men\u00e9e par le pr\u00e9sident Janick Hercelin et le tr\u00e9sorier Jean-Marc Piquet, aspire \u00e0 passer le relais. Une r\u00e9union est programm\u00e9e le <strong>samedi 1er mars \u00e0 10h30<\/strong> pour constituer une nouvelle \u00e9quipe.<br \/>Les associations malestroyennes sont invit\u00e9es \u00e0 participer \u00e0 ce rendez-vous qui, nous l\u2019esp\u00e9rons, donnera un <strong>nouveau souffle<\/strong> au collecthon.<\/p>\n<h3><strong>bilan de l\u2019\u00e9dition 2024 : une mobilisation exemplaire<\/strong><\/h3>\n<ul>\n<li><strong>club cyclo du pays de Malestroit<\/strong> : 846 \u20ac gr\u00e2ce \u00e0 la randonn\u00e9e cycliste ayant rassembl\u00e9 entre <strong>80 et 90 participants<\/strong>.<\/li>\n<li><strong>fest-noz<\/strong> : 655 \u20ac de b\u00e9n\u00e9fices.<\/li>\n<li><strong>cross des \u00e9coles<\/strong> : 652 \u20ac r\u00e9colt\u00e9s.<\/li>\n<li><strong>club de la joie de vivre<\/strong> : 495 \u20ac.<\/li>\n<li><strong>randonn\u00e9e p\u00e9destre<\/strong> : 358 \u20ac.<\/li>\n<li><strong>scoots<\/strong> : 143 \u20ac.<\/li>\n<\/ul>\n<p>Depuis 2017, le collecthon a permis de verser la somme exceptionnelle de <strong>40 684 \u20ac<\/strong> \u00e0 l\u2019AFM-T\u00e9l\u00e9thon.<\/p>\n<p>Un grand merci \u00e0 tous les participants et b\u00e9n\u00e9voles qui ont permis de faire de cet \u00e9v\u00e9nement une r\u00e9ussite. Rendez-vous le <strong>1er mars<\/strong> pour imaginer ensemble l\u2019avenir du collecthon !<\/p>\n<p>Bien amicalement,<br \/><strong>David<\/strong><\/p>\n<\/div>\n<p>[\/et_pb_text][et_pb_gallery _builder_version=&#8221;4.27.3&#8243; _module_preset=&#8221;default&#8221; gallery_ids=&#8221;9201,9202,9203,9204,9205,9206,9195&#8243; show_title_and_caption=&#8221;off&#8221; hover_enabled=&#8221;0&#8243; sticky_enabled=&#8221;0&#8243;][\/et_pb_gallery][\/et_pb_column][\/et_pb_row][\/et_pb_section]<\/p>\n","protected":false},"excerpt":{"rendered":"<p>Collecthon : un bilan positif pour l\u2019\u00e9dition 2024 et une nouvelle \u00e9quipe \u00e0 former Ce samedi 11 janvier 2025, le collecthon, charg\u00e9 de coordonner les manifestations du T\u00e9l\u00e9thon \u00e0 Malestroit, a r\u00e9uni ses acteurs pour dresser le bilan de l\u2019\u00e9dition 2024, qui s\u2019est tenue le samedi 30 novembre. Le montant des dons r\u00e9colt\u00e9s s\u2019est r\u00e9v\u00e9l\u00e9 [&hellip;]<\/p>\n","protected":false},"author":2,"featured_media":9207,"comment_status":"closed","ping_status":"closed","sticky":false,"template":"","format":"standard","meta":{"_acf_changed":false,"_et_pb_use_builder":"on","_et_pb_old_content":"","_et_gb_content_width":"","footnotes":""},"categories":[1,2],"tags":[],"class_list":["post-9193","post","type-post","status-publish","format-standard","has-post-thumbnail","hentry","category-non-classe","category-sport"],"acf":[],"_links":{"self":[{"href":"https:\/\/www.club-cyclo-pays-de-malestroit.fr\/index.php\/wp-json\/wp\/v2\/posts\/9193","targetHints":{"allow":["GET"]}}],"collection":[{"href":"https:\/\/www.club-cyclo-pays-de-malestroit.fr\/index.php\/wp-json\/wp\/v2\/posts"}],"about":[{"href":"https:\/\/www.club-cyclo-pays-de-malestroit.fr\/index.php\/wp-json\/wp\/v2\/types\/post"}],"author":[{"embeddable":true,"href":"https:\/\/www.club-cyclo-pays-de-malestroit.fr\/index.php\/wp-json\/wp\/v2\/users\/2"}],"replies":[{"embeddable":true,"href":"https:\/\/www.club-cyclo-pays-de-malestroit.fr\/index.php\/wp-json\/wp\/v2\/comments?post=9193"}],"version-history":[{"count":6,"href":"https:\/\/www.club-cyclo-pays-de-malestroit.fr\/index.php\/wp-json\/wp\/v2\/posts\/9193\/revisions"}],"predecessor-version":[{"id":9208,"href":"https:\/\/www.club-cyclo-pays-de-malestroit.fr\/index.php\/wp-json\/wp\/v2\/posts\/9193\/revisions\/9208"}],"wp:featuredmedia":[{"embeddable":true,"href":"https:\/\/www.club-cyclo-pays-de-malestroit.fr\/index.php\/wp-json\/wp\/v2\/media\/9207"}],"wp:attachment":[{"href":"https:\/\/www.club-cyclo-pays-de-malestroit.fr\/index.php\/wp-json\/wp\/v2\/media?parent=9193"}],"wp:term":[{"taxonomy":"category","embeddable":true,"href":"https:\/\/www.club-cyclo-pays-de-malestroit.fr\/index.php\/wp-json\/wp\/v2\/categories?post=9193"},{"taxonomy":"post_tag","embeddable":true,"href":"https:\/\/www.club-cyclo-pays-de-malestroit.fr\/index.php\/wp-json\/wp\/v2\/tags?post=9193"}],"curies":[{"name":"wp","href":"https:\/\/api.w.org\/{rel}","templated":true}]}}