{"id":9209,"date":"2025-01-29T17:26:31","date_gmt":"2025-01-29T16:26:31","guid":{"rendered":"https:\/\/www.club-cyclo-pays-de-malestroit.fr\/?p=9209"},"modified":"2025-01-29T17:26:39","modified_gmt":"2025-01-29T16:26:39","slug":"election-du-bureau","status":"publish","type":"post","link":"https:\/\/www.club-cyclo-pays-de-malestroit.fr\/index.php\/2025\/01\/29\/election-du-bureau\/","title":{"rendered":"Election du Bureau"},"content":{"rendered":"<p>[et_pb_section fb_built=&#8221;1&#8243; _builder_version=&#8221;4.27.3&#8243; _module_preset=&#8221;default&#8221; min_height=&#8221;100px&#8221; custom_padding=&#8221;13px||0px|||&#8221; global_colors_info=&#8221;{}&#8221;][et_pb_row _builder_version=&#8221;4.25.0&#8243; _module_preset=&#8221;default&#8221; min_height=&#8221;100px&#8221; custom_margin=&#8221;|auto||auto|false|false&#8221; custom_padding=&#8221;0px|||||&#8221; global_colors_info=&#8221;{}&#8221;][et_pb_column type=&#8221;4_4&#8243; _builder_version=&#8221;4.25.0&#8243; _module_preset=&#8221;default&#8221; global_colors_info=&#8221;{}&#8221;][et_pb_text _builder_version=&#8221;4.27.3&#8243; _module_preset=&#8221;default&#8221; text_line_height=&#8221;2.3em&#8221; custom_margin=&#8221;||||false|false&#8221; custom_padding=&#8221;|||0px||&#8221; hover_enabled=&#8221;0&#8243; global_colors_info=&#8221;{}&#8221; sticky_enabled=&#8221;0&#8243;]<\/p>\n<div dir=\"ltr\" data-setdir=\"false\">\n<div dir=\"ltr\" data-setdir=\"false\">Le bureau s&#8217;est r\u00e9uni hier soir pour former une nouvelle \u00e9quipe au sein du bureau suite \u00e0 la derni\u00e8re assembl\u00e9e g\u00e9n\u00e9rale.<\/div>\n<div dir=\"ltr\" data-setdir=\"false\"><\/div>\n<div dir=\"ltr\" data-setdir=\"false\">10 membres du bureau sur 12 que compose l&#8217;\u00e9quipe \u00e9taient pr\u00e9sents pour d\u00e9terminer les fonctions de chacun et chacune. Le quorum \u00e9tant requis avec un nombre sup\u00e9rieur \u00e0 la majorit\u00e9, le vote \u00e0 main lev\u00e9e pour chaque poste distribu\u00e9 a \u00e9t\u00e9 approuv\u00e9 et valid\u00e9.<\/div>\n<div dir=\"ltr\" data-setdir=\"false\"><\/div>\n<div dir=\"ltr\" data-setdir=\"false\">Gildas Urien qui occupait le poste de secr\u00e9taire depuis 2019 proposait de quitter sa fonction. Pour le remplacer, le bureau pourra s&#8217;appuyer sur les comp\u00e9tences de Nad\u00e8ge Latt\u00e9 qui exer\u00e7ait d\u00e9j\u00e0 en tant que secr\u00e9taire adjointe. Nouveaut\u00e9 \u00e9galement approuv\u00e9 \u00e0 l&#8217;unanimit\u00e9 durant cette \u00e9lection, la nomination de Julien Tanguy pour le r\u00f4le de secr\u00e9taire adjoint.<\/div>\n<div dir=\"ltr\" data-setdir=\"false\"><\/div>\n<div dir=\"ltr\" data-setdir=\"false\"><\/div>\n<div dir=\"ltr\" data-setdir=\"false\">Je profite de cette occasion pour remercier Gildas Urien quant \u00e0 son investissement pass\u00e9 en tant que secr\u00e9taire. Il restera encore actif au sein du bureau comme l&#8217;ensemble des membres.<\/div>\n<div dir=\"ltr\" data-setdir=\"false\"><\/div>\n<div dir=\"ltr\" data-setdir=\"false\">Bien amicalement.<\/div>\n<div dir=\"ltr\" data-setdir=\"false\"><\/div>\n<div dir=\"ltr\" data-setdir=\"false\">Le bureau<\/div>\n<div dir=\"ltr\" data-setdir=\"false\">\n<div dir=\"\" data-setdir=\"true\"><span>Voici la nouvelle composition du bureau :<\/span><\/div>\n<div dir=\"ltr\" data-setdir=\"false\"><\/div>\n<div dir=\"ltr\" data-setdir=\"false\"><\/div>\n<div dir=\"ltr\" data-setdir=\"false\">\n<div>\n<p align=\"CENTER\"><span style=\"font-size: medium;\"><u>Pr\u00e9sident<\/u><\/span><span style=\"font-size: medium;\">\u00a0: David Denis<\/span><\/p>\n<p align=\"CENTER\"><span style=\"font-size: medium;\"><u>Vice-Pr\u00e9sident\u00a0<\/u><\/span><span style=\"font-size: medium;\">: Marcel Havart<\/span><\/p>\n<p align=\"CENTER\"><span style=\"font-size: medium;\"><u>Secr\u00e9taire<\/u><\/span><span style=\"font-size: medium;\">\u00a0: Nad\u00e8ge Latt\u00e9<\/span><\/p>\n<p align=\"CENTER\"><span style=\"font-size: medium;\"><u>Secr\u00e9taire adjoint\u00a0:<\/u><\/span><span style=\"font-size: medium;\"> Julien Tanguy<\/span><\/p>\n<p align=\"CENTER\"><span style=\"font-size: medium;\"><u>Tr\u00e9sorier<\/u><\/span><span style=\"font-size: medium;\">\u00a0: Pierrick Houeix <\/span><\/p>\n<p align=\"CENTER\"><span style=\"font-size: medium;\"><u>Tr\u00e9sorier adjoint\u00a0<\/u><\/span><span style=\"font-size: medium;\">: Jean Le Priol (tr\u00e9sorier de la Coeur de Bretagne)<\/span><\/p>\n<p align=\"CENTER\">\n<p align=\"CENTER\"><span style=\"font-size: medium;\"><u>Membres actifs\u00a0<\/u><\/span><span style=\"font-size: medium;\">: Jean-Fran\u00e7ois Guihard (pr\u00e9sident de la Coeur de Bretagne), <\/span><\/p>\n<p align=\"CENTER\"><span style=\"font-size: medium;\">Pierre Joly (secr\u00e9taire de la Coeur de Bretagne) Gildas Urien, Matthieu Richard, Marc Guichard, Sylvain Rohel<\/span><\/p>\n<\/div>\n<\/div>\n<\/div>\n<\/div>\n<p>[\/et_pb_text][\/et_pb_column][\/et_pb_row][\/et_pb_section]<\/p>\n","protected":false},"excerpt":{"rendered":"<p>Le bureau s&#8217;est r\u00e9uni hier soir pour former une nouvelle \u00e9quipe au sein du bureau suite \u00e0 la derni\u00e8re assembl\u00e9e g\u00e9n\u00e9rale. 10 membres du bureau sur 12 que compose l&#8217;\u00e9quipe \u00e9taient pr\u00e9sents pour d\u00e9terminer les fonctions de chacun et chacune. Le quorum \u00e9tant requis avec un nombre sup\u00e9rieur \u00e0 la majorit\u00e9, le vote \u00e0 main [&hellip;]<\/p>\n","protected":false},"author":2,"featured_media":9211,"comment_status":"closed","ping_status":"closed","sticky":false,"template":"","format":"standard","meta":{"_acf_changed":false,"_et_pb_use_builder":"on","_et_pb_old_content":"","_et_gb_content_width":"","footnotes":""},"categories":[1,2],"tags":[],"class_list":["post-9209","post","type-post","status-publish","format-standard","has-post-thumbnail","hentry","category-non-classe","category-sport"],"acf":[],"_links":{"self":[{"href":"https:\/\/www.club-cyclo-pays-de-malestroit.fr\/index.php\/wp-json\/wp\/v2\/posts\/9209","targetHints":{"allow":["GET"]}}],"collection":[{"href":"https:\/\/www.club-cyclo-pays-de-malestroit.fr\/index.php\/wp-json\/wp\/v2\/posts"}],"about":[{"href":"https:\/\/www.club-cyclo-pays-de-malestroit.fr\/index.php\/wp-json\/wp\/v2\/types\/post"}],"author":[{"embeddable":true,"href":"https:\/\/www.club-cyclo-pays-de-malestroit.fr\/index.php\/wp-json\/wp\/v2\/users\/2"}],"replies":[{"embeddable":true,"href":"https:\/\/www.club-cyclo-pays-de-malestroit.fr\/index.php\/wp-json\/wp\/v2\/comments?post=9209"}],"version-history":[{"count":2,"href":"https:\/\/www.club-cyclo-pays-de-malestroit.fr\/index.php\/wp-json\/wp\/v2\/posts\/9209\/revisions"}],"predecessor-version":[{"id":9212,"href":"https:\/\/www.club-cyclo-pays-de-malestroit.fr\/index.php\/wp-json\/wp\/v2\/posts\/9209\/revisions\/9212"}],"wp:featuredmedia":[{"embeddable":true,"href":"https:\/\/www.club-cyclo-pays-de-malestroit.fr\/index.php\/wp-json\/wp\/v2\/media\/9211"}],"wp:attachment":[{"href":"https:\/\/www.club-cyclo-pays-de-malestroit.fr\/index.php\/wp-json\/wp\/v2\/media?parent=9209"}],"wp:term":[{"taxonomy":"category","embeddable":true,"href":"https:\/\/www.club-cyclo-pays-de-malestroit.fr\/index.php\/wp-json\/wp\/v2\/categories?post=9209"},{"taxonomy":"post_tag","embeddable":true,"href":"https:\/\/www.club-cyclo-pays-de-malestroit.fr\/index.php\/wp-json\/wp\/v2\/tags?post=9209"}],"curies":[{"name":"wp","href":"https:\/\/api.w.org\/{rel}","templated":true}]}}